{"id":1397,"date":"2011-06-29T14:46:34","date_gmt":"2011-06-29T12:46:34","guid":{"rendered":"http:\/\/bys.junselebyar.se\/blog\/?p=1397"},"modified":"2011-06-30T12:56:17","modified_gmt":"2011-06-30T10:56:17","slug":"slatterkurs","status":"publish","type":"post","link":"https:\/\/bys.junselebyar.se\/blog\/?p=1397","title":{"rendered":"Sl\u00e5tterkurs tisdag 12 juli 2011"},"content":{"rendered":"<p>\u00a0<\/p>\n<p><a href=\"http:\/\/bys.junselebyar.se\/blog\/wp-content\/uploads\/2011\/06\/lieslatter1.jpg\"><img loading=\"lazy\" decoding=\"async\" class=\"alignnone size-medium wp-image-1402\" src=\"http:\/\/bys.junselebyar.se\/blog\/wp-content\/uploads\/2011\/06\/lieslatter1-420x282.jpg\" alt=\"\" width=\"420\" height=\"282\" srcset=\"https:\/\/bys.junselebyar.se\/blog\/wp-content\/uploads\/2011\/06\/lieslatter1-420x282.jpg 420w, https:\/\/bys.junselebyar.se\/blog\/wp-content\/uploads\/2011\/06\/lieslatter1.jpg 889w\" sizes=\"auto, (max-width: 420px) 100vw, 420px\" \/><\/a><\/p>\n<p>Foto: Jonas Salmonsson<\/p>\n<p>L\u00e4r dig sl\u00e5 med lie &#8211; g\u00e5 p\u00e5 SL\u00c5TTERKURS.<\/p>\n<p>Tisdag 12 juli ca 09:00-16:00. Plats Nybygget. Skyltat fr\u00e5n Bysj\u00f6.<\/p>\n<p>Kursen omfattar en dag, med teoretiska och praktiska moment:<\/p>\n<p>* Lien och orvets historiska utveckling. Vad \u00e4r typiskt f\u00f6r din bygd?<br \/>\n* R\u00e4tt l\u00e4ngd p\u00e5 lieblad och orv, anpassat till din kroppsl\u00e4ngd.<br \/>\n* Montering av lie, jordl\u00e4ggning.<br \/>\n* Slipa och bryna.<br \/>\n* Sl\u00e5tterteknik (aldrig mera ryggskott eller tr\u00e4ningsv\u00e4rk).<br \/>\n* Hur ska en bra r\u00e4fsa se ut?<br \/>\n* R\u00e4fsningsteknik.<\/p>\n<p>Kursledare sedan 12 \u00e5r tillbaka \u00e4r Kjell Gustafsson fr\u00e5n \u00c4ngag\u00e4rdets Natur och Kultur i V\u00e4xj\u00f6. Han titulerar sig sj\u00e4lv &#8221;lieman&#8221; och han \u00e4r flitigt anlitad av l\u00e4nsstyrelser och olika naturorganisationer \u00f6ver hela landet.<\/p>\n<p>Ta g\u00e4rna med vad du har liggande d\u00e4r hemma, men k\u00f6p inga nya liar eller orv innan du f\u00e5tt tillf\u00e4lle att l\u00e5na av kursledaren.<\/p>\n<p>Medtag lunch!<\/p>\n<p>Kursen \u00e4r kostnadsfri. OBS begr\u00e4nsat antal deltagare.<\/p>\n<p>Anm\u00e4lan senast fredag 8 juli till:<a><\/a><br \/>\n<a href=\"mailto:annika.carlsson@lansstyrelsen.se\">annika.carlsson@lansstyrelsen.se<\/a> 0611-34 90 92 eller 073-275 16 31<br \/>\neller till Marianne Gustafsson 0621-210 64 eller\u00a0070-347 41 16.<\/p>\n","protected":false},"excerpt":{"rendered":"<p>\u00a0 Foto: Jonas Salmonsson L\u00e4r dig sl\u00e5 med lie &#8211; g\u00e5 p\u00e5 SL\u00c5TTERKURS. Tisdag 12 juli ca 09:00-16:00. Plats Nybygget. Skyltat fr\u00e5n Bysj\u00f6. Kursen omfattar en dag, med teoretiska och praktiska moment: * Lien och orvets historiska utveckling. Vad \u00e4r typiskt f\u00f6r din bygd? * R\u00e4tt l\u00e4ngd p\u00e5 lieblad och orv, anpassat till din kroppsl\u00e4ngd. &hellip; <\/p>\n<p class=\"link-more\"><a href=\"https:\/\/bys.junselebyar.se\/blog\/?p=1397\" class=\"more-link\">Forts\u00e4tt l\u00e4sa<span class=\"screen-reader-text\"> \u201dSl\u00e5tterkurs tisdag 12 juli 2011\u201d<\/span><\/a><\/p>\n","protected":false},"author":1,"featured_media":0,"comment_status":"open","ping_status":"open","sticky":false,"template":"","format":"standard","meta":{"footnotes":""},"categories":[1,12],"tags":[],"class_list":["post-1397","post","type-post","status-publish","format-standard","hentry","category-allmant","category-sunnansjo"],"_links":{"self":[{"href":"https:\/\/bys.junselebyar.se\/blog\/index.php?rest_route=\/wp\/v2\/posts\/1397","targetHints":{"allow":["GET"]}}],"collection":[{"href":"https:\/\/bys.junselebyar.se\/blog\/index.php?rest_route=\/wp\/v2\/posts"}],"about":[{"href":"https:\/\/bys.junselebyar.se\/blog\/index.php?rest_route=\/wp\/v2\/types\/post"}],"author":[{"embeddable":true,"href":"https:\/\/bys.junselebyar.se\/blog\/index.php?rest_route=\/wp\/v2\/users\/1"}],"replies":[{"embeddable":true,"href":"https:\/\/bys.junselebyar.se\/blog\/index.php?rest_route=%2Fwp%2Fv2%2Fcomments&post=1397"}],"version-history":[{"count":13,"href":"https:\/\/bys.junselebyar.se\/blog\/index.php?rest_route=\/wp\/v2\/posts\/1397\/revisions"}],"predecessor-version":[{"id":1401,"href":"https:\/\/bys.junselebyar.se\/blog\/index.php?rest_route=\/wp\/v2\/posts\/1397\/revisions\/1401"}],"wp:attachment":[{"href":"https:\/\/bys.junselebyar.se\/blog\/index.php?rest_route=%2Fwp%2Fv2%2Fmedia&parent=1397"}],"wp:term":[{"taxonomy":"category","embeddable":true,"href":"https:\/\/bys.junselebyar.se\/blog\/index.php?rest_route=%2Fwp%2Fv2%2Fcategories&post=1397"},{"taxonomy":"post_tag","embeddable":true,"href":"https:\/\/bys.junselebyar.se\/blog\/index.php?rest_route=%2Fwp%2Fv2%2Ftags&post=1397"}],"curies":[{"name":"wp","href":"https:\/\/api.w.org\/{rel}","templated":true}]}}