{"id":2542,"date":"2015-07-26T23:43:06","date_gmt":"2015-07-26T21:43:06","guid":{"rendered":"http:\/\/bys.junselebyar.se\/blog\/?p=2542"},"modified":"2015-07-29T03:28:34","modified_gmt":"2015-07-29T01:28:34","slug":"bysjodagen-20125","status":"publish","type":"post","link":"https:\/\/bys.junselebyar.se\/blog\/?p=2542","title":{"rendered":"Bysj\u00f6dagen 2015"},"content":{"rendered":"<p>Nog hade vi trott att det skulle vara glest bland bes\u00f6karna idag. Men det var fullsatt! Trots v\u00e4drets makter som inte var med.<\/p>\n<p><a href=\"http:\/\/bys.junselebyar.se\/blog\/wp-content\/uploads\/2015\/07\/2015_bysjo_Ivar_Wallgren.jpg\"><img loading=\"lazy\" decoding=\"async\" class=\"alignnone size-medium wp-image-2543\" src=\"http:\/\/bys.junselebyar.se\/blog\/wp-content\/uploads\/2015\/07\/2015_bysjo_Ivar_Wallgren-460x345.jpg\" alt=\"2015_bysjo_Ivar_Wallgren\" width=\"460\" height=\"345\" srcset=\"https:\/\/bys.junselebyar.se\/blog\/wp-content\/uploads\/2015\/07\/2015_bysjo_Ivar_Wallgren-460x345.jpg 460w, https:\/\/bys.junselebyar.se\/blog\/wp-content\/uploads\/2015\/07\/2015_bysjo_Ivar_Wallgren.jpg 1280w\" sizes=\"auto, (max-width: 460px) 100vw, 460px\" \/><\/a><\/p>\n<p>Ivar Wallgren. 95 \u00e5r i \u00e5r. Bott p\u00e5 Nybygget i Sunnansj\u00f6 n\u00e4r han var liten. Kunde l\u00f6sa ett litet mysterium vi vid\u00a0Gerhards i massa \u00e5r undrat \u00f6ver. Var stod gammstugan som Petra och\u00a0Olle Wedin bodde i?<\/p>\n<p>Jo nu kom Ivar och pekade ut platsen. Tack Ivar!<\/p>\n","protected":false},"excerpt":{"rendered":"<p>Nog hade vi trott att det skulle vara glest bland bes\u00f6karna idag. Men det var fullsatt! Trots v\u00e4drets makter som inte var med. Ivar Wallgren. 95 \u00e5r i \u00e5r. Bott p\u00e5 Nybygget i Sunnansj\u00f6 n\u00e4r han var liten. Kunde l\u00f6sa ett litet mysterium vi vid\u00a0Gerhards i massa \u00e5r undrat \u00f6ver. Var stod gammstugan som Petra &hellip; <\/p>\n<p class=\"link-more\"><a href=\"https:\/\/bys.junselebyar.se\/blog\/?p=2542\" class=\"more-link\">Forts\u00e4tt l\u00e4sa<span class=\"screen-reader-text\"> \u201dBysj\u00f6dagen 2015\u201d<\/span><\/a><\/p>\n","protected":false},"author":1,"featured_media":0,"comment_status":"open","ping_status":"closed","sticky":false,"template":"","format":"standard","meta":{"footnotes":""},"categories":[3],"tags":[],"class_list":["post-2542","post","type-post","status-publish","format-standard","hentry","category-bysjo"],"_links":{"self":[{"href":"https:\/\/bys.junselebyar.se\/blog\/index.php?rest_route=\/wp\/v2\/posts\/2542","targetHints":{"allow":["GET"]}}],"collection":[{"href":"https:\/\/bys.junselebyar.se\/blog\/index.php?rest_route=\/wp\/v2\/posts"}],"about":[{"href":"https:\/\/bys.junselebyar.se\/blog\/index.php?rest_route=\/wp\/v2\/types\/post"}],"author":[{"embeddable":true,"href":"https:\/\/bys.junselebyar.se\/blog\/index.php?rest_route=\/wp\/v2\/users\/1"}],"replies":[{"embeddable":true,"href":"https:\/\/bys.junselebyar.se\/blog\/index.php?rest_route=%2Fwp%2Fv2%2Fcomments&post=2542"}],"version-history":[{"count":5,"href":"https:\/\/bys.junselebyar.se\/blog\/index.php?rest_route=\/wp\/v2\/posts\/2542\/revisions"}],"predecessor-version":[{"id":2548,"href":"https:\/\/bys.junselebyar.se\/blog\/index.php?rest_route=\/wp\/v2\/posts\/2542\/revisions\/2548"}],"wp:attachment":[{"href":"https:\/\/bys.junselebyar.se\/blog\/index.php?rest_route=%2Fwp%2Fv2%2Fmedia&parent=2542"}],"wp:term":[{"taxonomy":"category","embeddable":true,"href":"https:\/\/bys.junselebyar.se\/blog\/index.php?rest_route=%2Fwp%2Fv2%2Fcategories&post=2542"},{"taxonomy":"post_tag","embeddable":true,"href":"https:\/\/bys.junselebyar.se\/blog\/index.php?rest_route=%2Fwp%2Fv2%2Ftags&post=2542"}],"curies":[{"name":"wp","href":"https:\/\/api.w.org\/{rel}","templated":true}]}}